{"id":21574,"date":"2024-10-01T21:54:46","date_gmt":"2024-10-01T18:54:46","guid":{"rendered":"https:\/\/www.ovidiudragosargesanu.ro\/?p=21574"},"modified":"2025-12-03T12:28:06","modified_gmt":"2025-12-03T10:28:06","slug":"vindecarea-ranilor-emotionale-descopera-puterea-vindecarii-interioare","status":"publish","type":"post","link":"https:\/\/www.ovidiudragosargesanu.ro\/en\/vindecarea-ranilor-emotionale-descopera-puterea-vindecarii-interioare\/","title":{"rendered":"The Healing of Emotional Wounds: Discover the Power of Inner Healing"},"content":{"rendered":"\t\t<div data-elementor-type=\"wp-post\" data-elementor-id=\"21574\" class=\"elementor elementor-21574\" data-elementor-post-type=\"post\">\n\t\t\t\t<div class=\"elementor-element elementor-element-4ce2d398 e-flex e-con-boxed e-con e-parent\" data-id=\"4ce2d398\" data-element_type=\"container\">\r\n\t\t\t\t\t<div class=\"e-con-inner\">\r\n\t\t\t\t<div class=\"elementor-element elementor-element-378362cc elementor-widget elementor-widget-text-editor\" data-id=\"378362cc\" data-element_type=\"widget\" data-widget_type=\"text-editor.default\">\n\t\t\t\t<div class=\"elementor-widget-container\">\n\t\t\t\t\t\t\t\t\t\n<p><span style=\"font-weight: 400;\">In a world full of challenges and stress, emotional wounds can leave deep scars in our souls. These wounds, whether they come from relationships, trauma or difficult experiences, affect our capacity to fully enjoy life and find our inner balance.<\/span><\/p>\n<p><b>Why is healing emotional wounds important?<\/b><\/p>\n<p><span style=\"font-weight: 400;\">Healing emotional wounds isn\u2019t just a process of releasing pain, but an essential step towards finding yourself again and regaining inner power. Through healing, we can learn to accept ourselves, to forgive ourselves and to build a life full of inner peace and harmony.<\/span><\/p>\n<p><b>How to discover the power of inner healing?<\/b><\/p>\n<ol>\n<li style=\"font-weight: 400;\" aria-level=\"1\"><b>Acknowledging the wounds: <\/b><span style=\"font-weight: 400;\">The first step towards emotional healing is acknowledging and accepting the wounds. It is important to give ourselves permission to feel and understand the source of our pain.\u00a0<\/span><\/li>\n<li style=\"font-weight: 400;\" aria-level=\"1\"><b>Accepting emotions:<\/b><span style=\"font-weight: 400;\"> After acknowledging the wounds, it is crucial to accept the emotions associated with them. Don\u2019t ignore or suppress them. Allow yourself to feel pain, sadness, anger or any other emotion that might appear. Accepting is an essential step for moving on.<\/span><\/li>\n<li style=\"font-weight: 400;\" aria-level=\"1\"><b>Forgiving ourselves and others:<\/b><span style=\"font-weight: 400;\"> Learn to treat yourself with kindness and understanding. Forgiveness is the key to starting the process of healing.\u00a0<\/span><\/li>\n<li style=\"font-weight: 400;\" aria-level=\"1\"><b>Exploring healing techniques:<\/b><span style=\"font-weight: 400;\"> Meditation, therapy through art and psychological counselling are just some of the methods that could help you heal emotionally. Each person is unique, so it is essential to find the methods that work best for you.<\/span><\/li>\n<li style=\"font-weight: 400;\" aria-level=\"1\"><b>Building a new balance:<\/b><span style=\"font-weight: 400;\"> Emotional healing helps you regain inner balance and reconnect with your goals and values. This balance offers a solid base for living your life with confidence and joy.<\/span><\/li>\n<\/ol>\n<p><b>Conclusion:<\/b><\/p>\n<p><span style=\"font-weight: 400;\">Healing emotional wounds is a process of rediscovering and strengthening yourself. Through the discovery of the power of inner healing, you can transform pain into wisdom and vulnerability into strength. Choose to start this journey towards a more balanced and more fulfilling life!<\/span><\/p>\n\t\t\t\t\t\t\t\t<\/div>\n\t\t\t\t<\/div>\n\t\t<div class=\"elementor-element elementor-element-bd1bb24 cta-ovidiu e-con-full e-flex e-con e-child\" data-id=\"bd1bb24\" data-element_type=\"container\" data-settings=\"{&quot;background_background&quot;:&quot;classic&quot;}\">\r\n\t\t<div class=\"elementor-element elementor-element-4874e2b e-con-full e-flex e-con e-child\" data-id=\"4874e2b\" data-element_type=\"container\">\r\n\t\t\t\t<div class=\"elementor-element elementor-element-8c1dfef elementor-widget elementor-widget-text-editor\" data-id=\"8c1dfef\" data-element_type=\"widget\" data-widget_type=\"text-editor.default\">\n\t\t\t\t<div class=\"elementor-widget-container\">\n\t\t\t\t\t\t\t\t\t<p>If you want to dive deeper into this topic,<\/p>\n<p>you can purchase my course<\/p>\t\t\t\t\t\t\t\t<\/div>\n\t\t\t\t<\/div>\n\t\t\t\t<\/div>\n\t\t<div class=\"elementor-element elementor-element-be056af e-con-full e-flex e-con e-child\" data-id=\"be056af\" data-element_type=\"container\">\r\n\t\t\t\t<div class=\"elementor-element elementor-element-b6ace90 elementor-widget elementor-widget-porto_button\" data-id=\"b6ace90\" data-element_type=\"widget\" data-settings=\"{&quot;align&quot;:&quot;center&quot;}\" data-widget_type=\"porto_button.default\">\n\t\t\t\t<div class=\"elementor-widget-container\">\n\t\t\t\t\t<a aria-label=\"button\" class=\"btn btn-md btn-primary\" href=\"https:\/\/www.ovidiudragosargesanu.ro\/shop\/cursuri-premium\/vindecarea-ranilor-emotionale\/constientizarea-si-vindecarea-ranilor-emotionale\/\" target=\"_blank\"><span >Online Course<\/span><\/a>\t\t\t\t<\/div>\n\t\t\t\t<\/div>\n\t\t\t\t<\/div>\n\t\t\t\t<\/div>\n\t\t\t\t\t<\/div>\n\t\t\t\t<\/div>\n\t\t\t\t<\/div>\n\t\t","protected":false},"excerpt":{"rendered":"<p>In a world full of challenges and stress, emotional wounds can leave deep scars in our souls. These wounds, whether they come from relationships, trauma or difficult experiences, affect our capacity to fully enjoy life and find our inner balance. Why is healing emotional wounds important? Healing emotional wounds isn\u2019t just a process of releasing [&hellip;]<\/p>\n","protected":false},"author":6,"featured_media":66660,"comment_status":"closed","ping_status":"closed","sticky":false,"template":"","format":"standard","meta":{"inline_featured_image":false,"footnotes":""},"categories":[764],"tags":[789,790],"class_list":["post-21574","post","type-post","status-publish","format-standard","has-post-thumbnail","hentry","category-spiritual-knowledge","tag-puterea-vindecarii-interioare","tag-vindecare-emotionala"],"featured_image_src":{"landsacpe":["https:\/\/www.ovidiudragosargesanu.ro\/en\/wp-content\/uploads\/2024\/10\/The-Healing-of-Emotional-Wounds-Discover-the-Power-of-Inner-Healing-1140x445.jpg",1140,445,true],"list":["https:\/\/www.ovidiudragosargesanu.ro\/en\/wp-content\/uploads\/2024\/10\/The-Healing-of-Emotional-Wounds-Discover-the-Power-of-Inner-Healing-463x348.jpg",463,348,true],"medium":["https:\/\/www.ovidiudragosargesanu.ro\/en\/wp-content\/uploads\/2024\/10\/The-Healing-of-Emotional-Wounds-Discover-the-Power-of-Inner-Healing-300x167.jpg",300,167,true],"full":["https:\/\/www.ovidiudragosargesanu.ro\/en\/wp-content\/uploads\/2024\/10\/The-Healing-of-Emotional-Wounds-Discover-the-Power-of-Inner-Healing-scaled.jpg",2560,1428,false]},"yoast_head":"<!-- This site is optimized with the Yoast SEO plugin v26.9 - https:\/\/yoast.com\/product\/yoast-seo-wordpress\/ -->\n<title>The Healing of Emotional Wounds: Discover the Power of Inner Healing - Ovidiu Drago\u0219 Arge\u0219anu<\/title>\n<meta name=\"description\" content=\"Descoper\u0103 puterea vindec\u0103rii interioare pentru r\u0103nile emo\u021bionale. Vindecarea emo\u021bional\u0103 \u00ee\u021bi ofer\u0103 lini\u0219te \u0219i echilibru interior.\" \/>\n<meta name=\"robots\" content=\"noindex, follow, max-snippet:-1, max-image-preview:large, max-video-preview:-1\" \/>\n<meta property=\"og:locale\" content=\"en_US\" \/>\n<meta property=\"og:type\" content=\"article\" \/>\n<meta property=\"og:title\" content=\"The Healing of Emotional Wounds: Discover the Power of Inner Healing - Ovidiu Drago\u0219 Arge\u0219anu\" \/>\n<meta property=\"og:description\" content=\"Descoper\u0103 puterea vindec\u0103rii interioare pentru r\u0103nile emo\u021bionale. Vindecarea emo\u021bional\u0103 \u00ee\u021bi ofer\u0103 lini\u0219te \u0219i echilibru interior.\" \/>\n<meta property=\"og:url\" content=\"https:\/\/www.ovidiudragosargesanu.ro\/en\/vindecarea-ranilor-emotionale-descopera-puterea-vindecarii-interioare\/\" \/>\n<meta property=\"og:site_name\" content=\"Ovidiu Drago\u0219 Arge\u0219anu\" \/>\n<meta property=\"article:published_time\" content=\"2024-10-01T18:54:46+00:00\" \/>\n<meta property=\"article:modified_time\" content=\"2025-12-03T10:28:06+00:00\" \/>\n<meta property=\"og:image\" content=\"https:\/\/www.ovidiudragosargesanu.ro\/en\/wp-content\/uploads\/2024\/10\/The-Healing-of-Emotional-Wounds-Discover-the-Power-of-Inner-Healing-scaled.jpg\" \/>\n\t<meta property=\"og:image:width\" content=\"2560\" \/>\n\t<meta property=\"og:image:height\" content=\"1428\" \/>\n\t<meta property=\"og:image:type\" content=\"image\/jpeg\" \/>\n<meta name=\"author\" content=\"Mirela\" \/>\n<meta name=\"twitter:card\" content=\"summary_large_image\" \/>\n<meta name=\"twitter:label1\" content=\"Written by\" \/>\n\t<meta name=\"twitter:data1\" content=\"Mirela\" \/>\n\t<meta name=\"twitter:label2\" content=\"Est. reading time\" \/>\n\t<meta name=\"twitter:data2\" content=\"2 minutes\" \/>\n<script type=\"application\/ld+json\" class=\"yoast-schema-graph\">{\"@context\":\"https:\/\/schema.org\",\"@graph\":[{\"@type\":\"Article\",\"@id\":\"https:\/\/www.ovidiudragosargesanu.ro\/en\/vindecarea-ranilor-emotionale-descopera-puterea-vindecarii-interioare\/#article\",\"isPartOf\":{\"@id\":\"https:\/\/www.ovidiudragosargesanu.ro\/en\/vindecarea-ranilor-emotionale-descopera-puterea-vindecarii-interioare\/\"},\"author\":{\"name\":\"Mirela\",\"@id\":\"https:\/\/www.ovidiudragosargesanu.ro\/en\/#\/schema\/person\/b08b1eb1449245ad6658409ec7bfe0c6\"},\"headline\":\"The Healing of Emotional Wounds: Discover the Power of Inner Healing\",\"datePublished\":\"2024-10-01T18:54:46+00:00\",\"dateModified\":\"2025-12-03T10:28:06+00:00\",\"mainEntityOfPage\":{\"@id\":\"https:\/\/www.ovidiudragosargesanu.ro\/en\/vindecarea-ranilor-emotionale-descopera-puterea-vindecarii-interioare\/\"},\"wordCount\":338,\"publisher\":{\"@id\":\"https:\/\/www.ovidiudragosargesanu.ro\/en\/#organization\"},\"image\":{\"@id\":\"https:\/\/www.ovidiudragosargesanu.ro\/en\/vindecarea-ranilor-emotionale-descopera-puterea-vindecarii-interioare\/#primaryimage\"},\"thumbnailUrl\":\"https:\/\/www.ovidiudragosargesanu.ro\/en\/wp-content\/uploads\/2024\/10\/The-Healing-of-Emotional-Wounds-Discover-the-Power-of-Inner-Healing-scaled.jpg\",\"keywords\":[\"puterea vindec\u0103rii interioare\",\"vindecare emo\u021bional\u0103\"],\"articleSection\":[\"Spiritual knowledge\"],\"inLanguage\":\"en-US\"},{\"@type\":\"WebPage\",\"@id\":\"https:\/\/www.ovidiudragosargesanu.ro\/en\/vindecarea-ranilor-emotionale-descopera-puterea-vindecarii-interioare\/\",\"url\":\"https:\/\/www.ovidiudragosargesanu.ro\/en\/vindecarea-ranilor-emotionale-descopera-puterea-vindecarii-interioare\/\",\"name\":\"The Healing of Emotional Wounds: Discover the Power of Inner Healing - Ovidiu Drago\u0219 Arge\u0219anu\",\"isPartOf\":{\"@id\":\"https:\/\/www.ovidiudragosargesanu.ro\/en\/#website\"},\"primaryImageOfPage\":{\"@id\":\"https:\/\/www.ovidiudragosargesanu.ro\/en\/vindecarea-ranilor-emotionale-descopera-puterea-vindecarii-interioare\/#primaryimage\"},\"image\":{\"@id\":\"https:\/\/www.ovidiudragosargesanu.ro\/en\/vindecarea-ranilor-emotionale-descopera-puterea-vindecarii-interioare\/#primaryimage\"},\"thumbnailUrl\":\"https:\/\/www.ovidiudragosargesanu.ro\/en\/wp-content\/uploads\/2024\/10\/The-Healing-of-Emotional-Wounds-Discover-the-Power-of-Inner-Healing-scaled.jpg\",\"datePublished\":\"2024-10-01T18:54:46+00:00\",\"dateModified\":\"2025-12-03T10:28:06+00:00\",\"description\":\"Descoper\u0103 puterea vindec\u0103rii interioare pentru r\u0103nile emo\u021bionale. Vindecarea emo\u021bional\u0103 \u00ee\u021bi ofer\u0103 lini\u0219te \u0219i echilibru interior.\",\"breadcrumb\":{\"@id\":\"https:\/\/www.ovidiudragosargesanu.ro\/en\/vindecarea-ranilor-emotionale-descopera-puterea-vindecarii-interioare\/#breadcrumb\"},\"inLanguage\":\"en-US\",\"potentialAction\":[{\"@type\":\"ReadAction\",\"target\":[\"https:\/\/www.ovidiudragosargesanu.ro\/en\/vindecarea-ranilor-emotionale-descopera-puterea-vindecarii-interioare\/\"]}]},{\"@type\":\"ImageObject\",\"inLanguage\":\"en-US\",\"@id\":\"https:\/\/www.ovidiudragosargesanu.ro\/en\/vindecarea-ranilor-emotionale-descopera-puterea-vindecarii-interioare\/#primaryimage\",\"url\":\"https:\/\/www.ovidiudragosargesanu.ro\/en\/wp-content\/uploads\/2024\/10\/The-Healing-of-Emotional-Wounds-Discover-the-Power-of-Inner-Healing-scaled.jpg\",\"contentUrl\":\"https:\/\/www.ovidiudragosargesanu.ro\/en\/wp-content\/uploads\/2024\/10\/The-Healing-of-Emotional-Wounds-Discover-the-Power-of-Inner-Healing-scaled.jpg\",\"width\":2560,\"height\":1428,\"caption\":\"The Healing of Emotional Wounds Discover the Power of Inner Healing\"},{\"@type\":\"BreadcrumbList\",\"@id\":\"https:\/\/www.ovidiudragosargesanu.ro\/en\/vindecarea-ranilor-emotionale-descopera-puterea-vindecarii-interioare\/#breadcrumb\",\"itemListElement\":[{\"@type\":\"ListItem\",\"position\":1,\"name\":\"Prima pagin\u0103\",\"item\":\"https:\/\/www.ovidiudragosargesanu.ro\/en\/\"},{\"@type\":\"ListItem\",\"position\":2,\"name\":\"The Healing of Emotional Wounds: Discover the Power of Inner Healing\"}]},{\"@type\":\"WebSite\",\"@id\":\"https:\/\/www.ovidiudragosargesanu.ro\/en\/#website\",\"url\":\"https:\/\/www.ovidiudragosargesanu.ro\/en\/\",\"name\":\"Ovidiu Drago\u0219 Arge\u0219anu\",\"description\":\"\",\"publisher\":{\"@id\":\"https:\/\/www.ovidiudragosargesanu.ro\/en\/#organization\"},\"potentialAction\":[{\"@type\":\"SearchAction\",\"target\":{\"@type\":\"EntryPoint\",\"urlTemplate\":\"https:\/\/www.ovidiudragosargesanu.ro\/en\/?s={search_term_string}\"},\"query-input\":{\"@type\":\"PropertyValueSpecification\",\"valueRequired\":true,\"valueName\":\"search_term_string\"}}],\"inLanguage\":\"en-US\"},{\"@type\":\"Organization\",\"@id\":\"https:\/\/www.ovidiudragosargesanu.ro\/en\/#organization\",\"name\":\"Ovidiu Drago\u0219 Arge\u0219anu\",\"url\":\"https:\/\/www.ovidiudragosargesanu.ro\/en\/\",\"logo\":{\"@type\":\"ImageObject\",\"inLanguage\":\"en-US\",\"@id\":\"https:\/\/www.ovidiudragosargesanu.ro\/en\/#\/schema\/logo\/image\/\",\"url\":\"https:\/\/www.ovidiudragosargesanu.ro\/en\/wp-content\/uploads\/2018\/03\/dragos-logo-lotus-black-400.svg\",\"contentUrl\":\"https:\/\/www.ovidiudragosargesanu.ro\/en\/wp-content\/uploads\/2018\/03\/dragos-logo-lotus-black-400.svg\",\"width\":300,\"height\":150,\"caption\":\"Ovidiu Drago\u0219 Arge\u0219anu\"},\"image\":{\"@id\":\"https:\/\/www.ovidiudragosargesanu.ro\/en\/#\/schema\/logo\/image\/\"}},{\"@type\":\"Person\",\"@id\":\"https:\/\/www.ovidiudragosargesanu.ro\/en\/#\/schema\/person\/b08b1eb1449245ad6658409ec7bfe0c6\",\"name\":\"Mirela\",\"image\":{\"@type\":\"ImageObject\",\"inLanguage\":\"en-US\",\"@id\":\"https:\/\/www.ovidiudragosargesanu.ro\/en\/#\/schema\/person\/image\/\",\"url\":\"https:\/\/secure.gravatar.com\/avatar\/a38504bb2c6953abeeedcd053bc22e4812b10a0786596b27f1e1471c3518c3f9?s=96&d=mm&r=g\",\"contentUrl\":\"https:\/\/secure.gravatar.com\/avatar\/a38504bb2c6953abeeedcd053bc22e4812b10a0786596b27f1e1471c3518c3f9?s=96&d=mm&r=g\",\"caption\":\"Mirela\"},\"url\":\"https:\/\/www.ovidiudragosargesanu.ro\/en\/author\/mirela\/\"}]}<\/script>\n<!-- \/ Yoast SEO plugin. -->","yoast_head_json":{"title":"The Healing of Emotional Wounds: Discover the Power of Inner Healing - Ovidiu Drago\u0219 Arge\u0219anu","description":"Descoper\u0103 puterea vindec\u0103rii interioare pentru r\u0103nile emo\u021bionale. Vindecarea emo\u021bional\u0103 \u00ee\u021bi ofer\u0103 lini\u0219te \u0219i echilibru interior.","robots":{"index":"noindex","follow":"follow","max-snippet":"max-snippet:-1","max-image-preview":"max-image-preview:large","max-video-preview":"max-video-preview:-1"},"og_locale":"en_US","og_type":"article","og_title":"The Healing of Emotional Wounds: Discover the Power of Inner Healing - Ovidiu Drago\u0219 Arge\u0219anu","og_description":"Descoper\u0103 puterea vindec\u0103rii interioare pentru r\u0103nile emo\u021bionale. Vindecarea emo\u021bional\u0103 \u00ee\u021bi ofer\u0103 lini\u0219te \u0219i echilibru interior.","og_url":"https:\/\/www.ovidiudragosargesanu.ro\/en\/vindecarea-ranilor-emotionale-descopera-puterea-vindecarii-interioare\/","og_site_name":"Ovidiu Drago\u0219 Arge\u0219anu","article_published_time":"2024-10-01T18:54:46+00:00","article_modified_time":"2025-12-03T10:28:06+00:00","og_image":[{"width":2560,"height":1428,"url":"https:\/\/www.ovidiudragosargesanu.ro\/en\/wp-content\/uploads\/2024\/10\/The-Healing-of-Emotional-Wounds-Discover-the-Power-of-Inner-Healing-scaled.jpg","type":"image\/jpeg"}],"author":"Mirela","twitter_card":"summary_large_image","twitter_misc":{"Written by":"Mirela","Est. reading time":"2 minutes"},"schema":{"@context":"https:\/\/schema.org","@graph":[{"@type":"Article","@id":"https:\/\/www.ovidiudragosargesanu.ro\/en\/vindecarea-ranilor-emotionale-descopera-puterea-vindecarii-interioare\/#article","isPartOf":{"@id":"https:\/\/www.ovidiudragosargesanu.ro\/en\/vindecarea-ranilor-emotionale-descopera-puterea-vindecarii-interioare\/"},"author":{"name":"Mirela","@id":"https:\/\/www.ovidiudragosargesanu.ro\/en\/#\/schema\/person\/b08b1eb1449245ad6658409ec7bfe0c6"},"headline":"The Healing of Emotional Wounds: Discover the Power of Inner Healing","datePublished":"2024-10-01T18:54:46+00:00","dateModified":"2025-12-03T10:28:06+00:00","mainEntityOfPage":{"@id":"https:\/\/www.ovidiudragosargesanu.ro\/en\/vindecarea-ranilor-emotionale-descopera-puterea-vindecarii-interioare\/"},"wordCount":338,"publisher":{"@id":"https:\/\/www.ovidiudragosargesanu.ro\/en\/#organization"},"image":{"@id":"https:\/\/www.ovidiudragosargesanu.ro\/en\/vindecarea-ranilor-emotionale-descopera-puterea-vindecarii-interioare\/#primaryimage"},"thumbnailUrl":"https:\/\/www.ovidiudragosargesanu.ro\/en\/wp-content\/uploads\/2024\/10\/The-Healing-of-Emotional-Wounds-Discover-the-Power-of-Inner-Healing-scaled.jpg","keywords":["puterea vindec\u0103rii interioare","vindecare emo\u021bional\u0103"],"articleSection":["Spiritual knowledge"],"inLanguage":"en-US"},{"@type":"WebPage","@id":"https:\/\/www.ovidiudragosargesanu.ro\/en\/vindecarea-ranilor-emotionale-descopera-puterea-vindecarii-interioare\/","url":"https:\/\/www.ovidiudragosargesanu.ro\/en\/vindecarea-ranilor-emotionale-descopera-puterea-vindecarii-interioare\/","name":"The Healing of Emotional Wounds: Discover the Power of Inner Healing - Ovidiu Drago\u0219 Arge\u0219anu","isPartOf":{"@id":"https:\/\/www.ovidiudragosargesanu.ro\/en\/#website"},"primaryImageOfPage":{"@id":"https:\/\/www.ovidiudragosargesanu.ro\/en\/vindecarea-ranilor-emotionale-descopera-puterea-vindecarii-interioare\/#primaryimage"},"image":{"@id":"https:\/\/www.ovidiudragosargesanu.ro\/en\/vindecarea-ranilor-emotionale-descopera-puterea-vindecarii-interioare\/#primaryimage"},"thumbnailUrl":"https:\/\/www.ovidiudragosargesanu.ro\/en\/wp-content\/uploads\/2024\/10\/The-Healing-of-Emotional-Wounds-Discover-the-Power-of-Inner-Healing-scaled.jpg","datePublished":"2024-10-01T18:54:46+00:00","dateModified":"2025-12-03T10:28:06+00:00","description":"Descoper\u0103 puterea vindec\u0103rii interioare pentru r\u0103nile emo\u021bionale. Vindecarea emo\u021bional\u0103 \u00ee\u021bi ofer\u0103 lini\u0219te \u0219i echilibru interior.","breadcrumb":{"@id":"https:\/\/www.ovidiudragosargesanu.ro\/en\/vindecarea-ranilor-emotionale-descopera-puterea-vindecarii-interioare\/#breadcrumb"},"inLanguage":"en-US","potentialAction":[{"@type":"ReadAction","target":["https:\/\/www.ovidiudragosargesanu.ro\/en\/vindecarea-ranilor-emotionale-descopera-puterea-vindecarii-interioare\/"]}]},{"@type":"ImageObject","inLanguage":"en-US","@id":"https:\/\/www.ovidiudragosargesanu.ro\/en\/vindecarea-ranilor-emotionale-descopera-puterea-vindecarii-interioare\/#primaryimage","url":"https:\/\/www.ovidiudragosargesanu.ro\/en\/wp-content\/uploads\/2024\/10\/The-Healing-of-Emotional-Wounds-Discover-the-Power-of-Inner-Healing-scaled.jpg","contentUrl":"https:\/\/www.ovidiudragosargesanu.ro\/en\/wp-content\/uploads\/2024\/10\/The-Healing-of-Emotional-Wounds-Discover-the-Power-of-Inner-Healing-scaled.jpg","width":2560,"height":1428,"caption":"The Healing of Emotional Wounds Discover the Power of Inner Healing"},{"@type":"BreadcrumbList","@id":"https:\/\/www.ovidiudragosargesanu.ro\/en\/vindecarea-ranilor-emotionale-descopera-puterea-vindecarii-interioare\/#breadcrumb","itemListElement":[{"@type":"ListItem","position":1,"name":"Prima pagin\u0103","item":"https:\/\/www.ovidiudragosargesanu.ro\/en\/"},{"@type":"ListItem","position":2,"name":"The Healing of Emotional Wounds: Discover the Power of Inner Healing"}]},{"@type":"WebSite","@id":"https:\/\/www.ovidiudragosargesanu.ro\/en\/#website","url":"https:\/\/www.ovidiudragosargesanu.ro\/en\/","name":"Ovidiu Drago\u0219 Arge\u0219anu","description":"","publisher":{"@id":"https:\/\/www.ovidiudragosargesanu.ro\/en\/#organization"},"potentialAction":[{"@type":"SearchAction","target":{"@type":"EntryPoint","urlTemplate":"https:\/\/www.ovidiudragosargesanu.ro\/en\/?s={search_term_string}"},"query-input":{"@type":"PropertyValueSpecification","valueRequired":true,"valueName":"search_term_string"}}],"inLanguage":"en-US"},{"@type":"Organization","@id":"https:\/\/www.ovidiudragosargesanu.ro\/en\/#organization","name":"Ovidiu Drago\u0219 Arge\u0219anu","url":"https:\/\/www.ovidiudragosargesanu.ro\/en\/","logo":{"@type":"ImageObject","inLanguage":"en-US","@id":"https:\/\/www.ovidiudragosargesanu.ro\/en\/#\/schema\/logo\/image\/","url":"https:\/\/www.ovidiudragosargesanu.ro\/en\/wp-content\/uploads\/2018\/03\/dragos-logo-lotus-black-400.svg","contentUrl":"https:\/\/www.ovidiudragosargesanu.ro\/en\/wp-content\/uploads\/2018\/03\/dragos-logo-lotus-black-400.svg","width":300,"height":150,"caption":"Ovidiu Drago\u0219 Arge\u0219anu"},"image":{"@id":"https:\/\/www.ovidiudragosargesanu.ro\/en\/#\/schema\/logo\/image\/"}},{"@type":"Person","@id":"https:\/\/www.ovidiudragosargesanu.ro\/en\/#\/schema\/person\/b08b1eb1449245ad6658409ec7bfe0c6","name":"Mirela","image":{"@type":"ImageObject","inLanguage":"en-US","@id":"https:\/\/www.ovidiudragosargesanu.ro\/en\/#\/schema\/person\/image\/","url":"https:\/\/secure.gravatar.com\/avatar\/a38504bb2c6953abeeedcd053bc22e4812b10a0786596b27f1e1471c3518c3f9?s=96&d=mm&r=g","contentUrl":"https:\/\/secure.gravatar.com\/avatar\/a38504bb2c6953abeeedcd053bc22e4812b10a0786596b27f1e1471c3518c3f9?s=96&d=mm&r=g","caption":"Mirela"},"url":"https:\/\/www.ovidiudragosargesanu.ro\/en\/author\/mirela\/"}]}},"_links":{"self":[{"href":"https:\/\/www.ovidiudragosargesanu.ro\/en\/wp-json\/wp\/v2\/posts\/21574","targetHints":{"allow":["GET"]}}],"collection":[{"href":"https:\/\/www.ovidiudragosargesanu.ro\/en\/wp-json\/wp\/v2\/posts"}],"about":[{"href":"https:\/\/www.ovidiudragosargesanu.ro\/en\/wp-json\/wp\/v2\/types\/post"}],"author":[{"embeddable":true,"href":"https:\/\/www.ovidiudragosargesanu.ro\/en\/wp-json\/wp\/v2\/users\/6"}],"replies":[{"embeddable":true,"href":"https:\/\/www.ovidiudragosargesanu.ro\/en\/wp-json\/wp\/v2\/comments?post=21574"}],"version-history":[{"count":8,"href":"https:\/\/www.ovidiudragosargesanu.ro\/en\/wp-json\/wp\/v2\/posts\/21574\/revisions"}],"predecessor-version":[{"id":66595,"href":"https:\/\/www.ovidiudragosargesanu.ro\/en\/wp-json\/wp\/v2\/posts\/21574\/revisions\/66595"}],"wp:featuredmedia":[{"embeddable":true,"href":"https:\/\/www.ovidiudragosargesanu.ro\/en\/wp-json\/wp\/v2\/media\/66660"}],"wp:attachment":[{"href":"https:\/\/www.ovidiudragosargesanu.ro\/en\/wp-json\/wp\/v2\/media?parent=21574"}],"wp:term":[{"taxonomy":"category","embeddable":true,"href":"https:\/\/www.ovidiudragosargesanu.ro\/en\/wp-json\/wp\/v2\/categories?post=21574"},{"taxonomy":"post_tag","embeddable":true,"href":"https:\/\/www.ovidiudragosargesanu.ro\/en\/wp-json\/wp\/v2\/tags?post=21574"}],"curies":[{"name":"wp","href":"https:\/\/api.w.org\/{rel}","templated":true}]}}