{"id":3691,"date":"2022-04-07T09:30:11","date_gmt":"2022-04-07T07:30:11","guid":{"rendered":"https:\/\/www.ovidiudragosargesanu.ro\/?p=3691"},"modified":"2023-12-05T23:43:52","modified_gmt":"2023-12-05T21:43:52","slug":"jumatatea-mea-femeia-editia-a-2-a","status":"publish","type":"post","link":"https:\/\/www.ovidiudragosargesanu.ro\/en\/jumatatea-mea-femeia-editia-a-2-a\/","title":{"rendered":"Jum\u0103tatea mea, femeia &#8211; edi\u021bia a 2-a"},"content":{"rendered":"\n[section bg_color=&#8221;rgb(240, 240, 240)&#8221; padding=&#8221;59px&#8221; height=&#8221;300px&#8221; border=&#8221;1px 0px 0px 0px&#8221; border_color=&#8221;rgb(235, 235, 235)&#8221;]\n\n[row style=&#8221;large&#8221; h_align=&#8221;center&#8221;]\n\n[col span=&#8221;6&#8243; span__sm=&#8221;12&#8243; padding=&#8221;15px 15px 15px 15px&#8221; bg_color=&#8221;rgb(255, 255, 255)&#8221; depth=&#8221;2&#8243; depth_hover=&#8221;5&#8243;]\n\n[ux_image id=&#8221;4146&#8243; image_size=&#8221;original&#8221; image_hover=&#8221;zoom&#8221; target=&#8221;_blank&#8221;]\n\n\n<table id=\"tablepress-7\" class=\"tablepress tablepress-id-7\">\n<tbody class=\"row-striping row-hover\">\n<tr class=\"row-1\">\n\t<td class=\"column-1\">Editura<\/td><td class=\"column-2\"><b>PRO DAO<\/b><\/td>\n<\/tr>\n<tr class=\"row-2\">\n\t<td class=\"column-1\">Anul Public\u0103rii<\/td><td class=\"column-2\">2020<\/td>\n<\/tr>\n<tr class=\"row-3\">\n\t<td class=\"column-1\">Num\u0103r Pagini<\/td><td class=\"column-2\">144<\/td>\n<\/tr>\n<tr class=\"row-4\">\n\t<td class=\"column-1\">Cod produs - SKU<\/td><td class=\"column-2\">9786069721025<\/td>\n<\/tr>\n<\/tbody>\n<\/table>\n<!-- #tablepress-7 from cache -->\n[button text=&#8221;Cump\u0103r\u0103&#8221; style=&#8221;gloss&#8221; radius=&#8221;10&#8243; expand=&#8221;true&#8221; link=&#8221;https:\/\/www.ovidiudragosargesanu.ro\/shop\/carti\/dezvoltare-personala\/jumatatea-mea-femeia\/&#8221; target=&#8221;_blank&#8221;]\n\n\n[\/col]\n[col span=&#8221;6&#8243; span__sm=&#8221;12&#8243; align=&#8221;center&#8221;]\n\n<p><span style=\"font-weight: 400;\">Descoper\u0103 universul complex al feminit\u0103\u021bii \u0219i p\u0103trunde \u00een profunzimea acestei c\u0103l\u0103torii c\u0103tre autenticitate \u0219i fericire, o c\u0103l\u0103torie \u00een \u00een\u021belegerea \u0219i transformarea feminit\u0103\u021bii.\u00a0<\/span><\/p>\n<p><span style=\"font-weight: 400;\">\u201cJum\u0103tatea mea, Femeia\u201d ofer\u0103 prin lectura ei o perspectiv\u0103 captivant\u0103, adresat\u0103 at\u00e2t femeilor, c\u00e2t \u0219i b\u0103rba\u021bilor, asupra frumuse\u021bii \u0219i complexit\u0103\u021bii fiec\u0103rui individ. Autorul \u00ee\u0219i propune s\u0103 inspire femeile s\u0103 celebreze propria identitate \u0219i s\u0103 recunoasc\u0103 frumuse\u021bea care le \u00eenconjoar\u0103, \u00een timp ce \u00eendeamn\u0103 b\u0103rba\u021bii s\u0103 \u00een\u021beleag\u0103 profunzimea feminit\u0103\u021bii \u0219i leg\u0103tura str\u00e2ns\u0103 dintre fericirea lor \u0219i fericirea femeilor.<\/span><\/p>\n<p><span style=\"font-weight: 400;\">Cu o abordare pasionat\u0103 \u0219i plin\u0103 de empatie, autorul \u00eei \u00eencurajeaz\u0103 pe cititori s\u0103-\u0219i abrace identitatea autentic\u0103 \u0219i s\u0103 descopere esen\u021ba feminin\u0103. Prin ghidarea lor atent\u0103, autorul, \u00een calitate de maestru \u0219i b\u0103rbat, \u00eei \u00eenso\u021be\u0219te \u00een procesul de \u00eenflorire \u0219i dezvoltare, eviden\u021biind importan\u021ba conect\u0103rii cu partea interioar\u0103 Yin.<\/span><\/p>\n<p><span style=\"font-weight: 400;\">\u201cJum\u0103tatea mea, Femeia\u201d nu este doar o simpl\u0103 carte, ci reprezint\u0103 o invita\u021bie la introspec\u021bie \u0219i transformare. Aici vei g\u0103si oportunitatea de a te conecta cu propria autenticitate \u0219i de a descoperi fericirea \u00een interiorul t\u0103u.<\/span><\/p>\n<p><span style=\"font-weight: 400;\">Autorul subliniaz\u0103 c\u0103 fericirea autentic\u0103 nu poate fi g\u0103sit\u0103 \u00een exterior, ci trebuie s\u0103 fie descoperit\u0103 \u00een interiorul fiec\u0103ruia dintre noi. Iubirea noastr\u0103, a b\u0103rba\u021bilor, este important\u0103, dar nu poate \u00eenlocui iubirea divin\u0103. Con\u0219tientizarea acestei diferen\u021be poate \u00eensemna eliberarea de suferin\u021b\u0103.<\/span><\/p>\n<p><span style=\"font-weight: 400;\">Descoper\u0103 acum aceast\u0103 c\u0103l\u0103torie fascinant\u0103 \u0219i beneficiaz\u0103 de m\u0103rturia sincer\u0103 a autorului, care \u00eemp\u0103rt\u0103\u0219e\u0219te \u00eenv\u0103\u021b\u0103mintele sale despre feminitate \u0219i fericire. Aceast\u0103 carte reprezint\u0103 o resurs\u0103 valoroas\u0103 pentru fiecare c\u0103ut\u0103tor al autenticit\u0103\u021bii \u0219i bucuriei interioare.<\/span><\/p>\n<p align=\"justify\">Ce vor femeile? Vor s\u0103 fie iubite, vor s\u0103 fie apreciate, vor s\u0103 fie fericite. Dar nu au \u00een\u021beles c\u00e2teva lucruri extrem de simple. A c\u0103uta fericirea \u00een exterior este un e\u0219ec din prima. A-\u021bi c\u0103uta \u0219i a-\u021bi condi\u021biona fericirea de cineva este automat un e\u0219ec. Indiferent c\u0103 este vorba de so\u021b, copii, ce vre\u021bi voi. Fericirea trebuie s\u0103 o g\u0103si\u021bi \u00een voi.<\/p>\n<p align=\"justify\">Iubirea noastr\u0103, a b\u0103rba\u021bilor este un surogat ce \u00eenlocuie\u0219te Iubirea Divin\u0103. \u0218i de aceea suferi\u021bi\u2026<\/p>\n\n[\/col]\n\n[\/row]\n\n[\/section]\n\n","protected":false},"excerpt":{"rendered":"<p>Ce vor femeile? Vor s\u0103 fie iubite, vor s\u0103 fie apreciate, vor s\u0103 fie fericite. Dar nu au \u00een\u021beles c\u00e2teva lucruri extrem de simple. Femeia trebuie s\u0103 \u00eenve\u021be mai \u00eent\u00e2i s\u0103 fie femeie, \u0219i dup\u0103 aceea s\u0103 devin\u0103 Om.<\/p>\n","protected":false},"author":6,"featured_media":3694,"comment_status":"closed","ping_status":"closed","sticky":false,"template":"","format":"standard","meta":{"inline_featured_image":true,"footnotes":""},"categories":[512],"tags":[],"class_list":["post-3691","post","type-post","status-publish","format-standard","has-post-thumbnail","hentry","category-carti"],"featured_image_src":{"landsacpe":["https:\/\/www.ovidiudragosargesanu.ro\/en\/wp-content\/uploads\/2022\/04\/jmf-ed2.webp",397,445,false],"list":["https:\/\/www.ovidiudragosargesanu.ro\/en\/wp-content\/uploads\/2022\/04\/jmf-ed2.webp",311,348,false],"medium":["https:\/\/www.ovidiudragosargesanu.ro\/en\/wp-content\/uploads\/2022\/04\/jmf-ed2.webp",268,300,false],"full":["https:\/\/www.ovidiudragosargesanu.ro\/en\/wp-content\/uploads\/2022\/04\/jmf-ed2.webp",1428,1600,false]},"yoast_head":"<!-- This site is optimized with the Yoast SEO plugin v26.9 - https:\/\/yoast.com\/product\/yoast-seo-wordpress\/ -->\n<title>Jum\u0103tatea mea, femeia - edi\u021bia a 2-a - Ovidiu Drago\u0219 Arge\u0219anu<\/title>\n<meta name=\"description\" content=\"Jum\u0103tatea mea, Femeia: O c\u0103l\u0103torie-lectur\u0103 captivant\u0103 \u00een universul complex al feminit\u0103\u021bii \u0219i fericirii. Descoper\u0103 universul complex al femin\" \/>\n<meta name=\"robots\" content=\"noindex, follow, max-snippet:-1, max-image-preview:large, max-video-preview:-1\" \/>\n<meta property=\"og:locale\" content=\"en_US\" \/>\n<meta property=\"og:type\" content=\"article\" \/>\n<meta property=\"og:title\" content=\"Jum\u0103tatea mea, femeia - edi\u021bia a 2-a - Ovidiu Drago\u0219 Arge\u0219anu\" \/>\n<meta property=\"og:description\" content=\"Jum\u0103tatea mea, Femeia: O c\u0103l\u0103torie-lectur\u0103 captivant\u0103 \u00een universul complex al feminit\u0103\u021bii \u0219i fericirii. Descoper\u0103 universul complex al femin\" \/>\n<meta property=\"og:url\" content=\"https:\/\/www.ovidiudragosargesanu.ro\/en\/jumatatea-mea-femeia-editia-a-2-a\/\" \/>\n<meta property=\"og:site_name\" content=\"Ovidiu Drago\u0219 Arge\u0219anu\" \/>\n<meta property=\"article:published_time\" content=\"2022-04-07T07:30:11+00:00\" \/>\n<meta property=\"article:modified_time\" content=\"2023-12-05T21:43:52+00:00\" \/>\n<meta property=\"og:image\" content=\"https:\/\/www.ovidiudragosargesanu.ro\/en\/wp-content\/uploads\/2022\/04\/jmf-ed2.webp\" \/>\n\t<meta property=\"og:image:width\" content=\"1428\" \/>\n\t<meta property=\"og:image:height\" content=\"1600\" \/>\n\t<meta property=\"og:image:type\" content=\"image\/webp\" \/>\n<meta name=\"author\" content=\"Mirela\" \/>\n<meta name=\"twitter:card\" content=\"summary_large_image\" \/>\n<meta name=\"twitter:label1\" content=\"Written by\" \/>\n\t<meta name=\"twitter:data1\" content=\"Mirela\" \/>\n\t<meta name=\"twitter:label2\" content=\"Est. reading time\" \/>\n\t<meta name=\"twitter:data2\" content=\"2 minutes\" \/>\n<script type=\"application\/ld+json\" class=\"yoast-schema-graph\">{\"@context\":\"https:\/\/schema.org\",\"@graph\":[{\"@type\":\"Article\",\"@id\":\"https:\/\/www.ovidiudragosargesanu.ro\/en\/jumatatea-mea-femeia-editia-a-2-a\/#article\",\"isPartOf\":{\"@id\":\"https:\/\/www.ovidiudragosargesanu.ro\/en\/jumatatea-mea-femeia-editia-a-2-a\/\"},\"author\":{\"name\":\"Mirela\",\"@id\":\"https:\/\/www.ovidiudragosargesanu.ro\/en\/#\/schema\/person\/b08b1eb1449245ad6658409ec7bfe0c6\"},\"headline\":\"Jum\u0103tatea mea, femeia &#8211; edi\u021bia a 2-a\",\"datePublished\":\"2022-04-07T07:30:11+00:00\",\"dateModified\":\"2023-12-05T21:43:52+00:00\",\"mainEntityOfPage\":{\"@id\":\"https:\/\/www.ovidiudragosargesanu.ro\/en\/jumatatea-mea-femeia-editia-a-2-a\/\"},\"wordCount\":475,\"publisher\":{\"@id\":\"https:\/\/www.ovidiudragosargesanu.ro\/en\/#organization\"},\"image\":{\"@id\":\"https:\/\/www.ovidiudragosargesanu.ro\/en\/jumatatea-mea-femeia-editia-a-2-a\/#primaryimage\"},\"thumbnailUrl\":\"https:\/\/www.ovidiudragosargesanu.ro\/en\/wp-content\/uploads\/2022\/04\/jmf-ed2.webp\",\"articleSection\":[\"C\u0103r\u021bi\"],\"inLanguage\":\"en-US\"},{\"@type\":\"WebPage\",\"@id\":\"https:\/\/www.ovidiudragosargesanu.ro\/en\/jumatatea-mea-femeia-editia-a-2-a\/\",\"url\":\"https:\/\/www.ovidiudragosargesanu.ro\/en\/jumatatea-mea-femeia-editia-a-2-a\/\",\"name\":\"Jum\u0103tatea mea, femeia - edi\u021bia a 2-a - Ovidiu Drago\u0219 Arge\u0219anu\",\"isPartOf\":{\"@id\":\"https:\/\/www.ovidiudragosargesanu.ro\/en\/#website\"},\"primaryImageOfPage\":{\"@id\":\"https:\/\/www.ovidiudragosargesanu.ro\/en\/jumatatea-mea-femeia-editia-a-2-a\/#primaryimage\"},\"image\":{\"@id\":\"https:\/\/www.ovidiudragosargesanu.ro\/en\/jumatatea-mea-femeia-editia-a-2-a\/#primaryimage\"},\"thumbnailUrl\":\"https:\/\/www.ovidiudragosargesanu.ro\/en\/wp-content\/uploads\/2022\/04\/jmf-ed2.webp\",\"datePublished\":\"2022-04-07T07:30:11+00:00\",\"dateModified\":\"2023-12-05T21:43:52+00:00\",\"description\":\"Jum\u0103tatea mea, Femeia: O c\u0103l\u0103torie-lectur\u0103 captivant\u0103 \u00een universul complex al feminit\u0103\u021bii \u0219i fericirii. Descoper\u0103 universul complex al femin\",\"breadcrumb\":{\"@id\":\"https:\/\/www.ovidiudragosargesanu.ro\/en\/jumatatea-mea-femeia-editia-a-2-a\/#breadcrumb\"},\"inLanguage\":\"en-US\",\"potentialAction\":[{\"@type\":\"ReadAction\",\"target\":[\"https:\/\/www.ovidiudragosargesanu.ro\/en\/jumatatea-mea-femeia-editia-a-2-a\/\"]}]},{\"@type\":\"ImageObject\",\"inLanguage\":\"en-US\",\"@id\":\"https:\/\/www.ovidiudragosargesanu.ro\/en\/jumatatea-mea-femeia-editia-a-2-a\/#primaryimage\",\"url\":\"https:\/\/www.ovidiudragosargesanu.ro\/en\/wp-content\/uploads\/2022\/04\/jmf-ed2.webp\",\"contentUrl\":\"https:\/\/www.ovidiudragosargesanu.ro\/en\/wp-content\/uploads\/2022\/04\/jmf-ed2.webp\",\"width\":1428,\"height\":1600,\"caption\":\"Jumatatea mea, femeia\"},{\"@type\":\"BreadcrumbList\",\"@id\":\"https:\/\/www.ovidiudragosargesanu.ro\/en\/jumatatea-mea-femeia-editia-a-2-a\/#breadcrumb\",\"itemListElement\":[{\"@type\":\"ListItem\",\"position\":1,\"name\":\"Prima pagin\u0103\",\"item\":\"https:\/\/www.ovidiudragosargesanu.ro\/en\/\"},{\"@type\":\"ListItem\",\"position\":2,\"name\":\"Jum\u0103tatea mea, femeia &#8211; edi\u021bia a 2-a\"}]},{\"@type\":\"WebSite\",\"@id\":\"https:\/\/www.ovidiudragosargesanu.ro\/en\/#website\",\"url\":\"https:\/\/www.ovidiudragosargesanu.ro\/en\/\",\"name\":\"Ovidiu Drago\u0219 Arge\u0219anu\",\"description\":\"\",\"publisher\":{\"@id\":\"https:\/\/www.ovidiudragosargesanu.ro\/en\/#organization\"},\"potentialAction\":[{\"@type\":\"SearchAction\",\"target\":{\"@type\":\"EntryPoint\",\"urlTemplate\":\"https:\/\/www.ovidiudragosargesanu.ro\/en\/?s={search_term_string}\"},\"query-input\":{\"@type\":\"PropertyValueSpecification\",\"valueRequired\":true,\"valueName\":\"search_term_string\"}}],\"inLanguage\":\"en-US\"},{\"@type\":\"Organization\",\"@id\":\"https:\/\/www.ovidiudragosargesanu.ro\/en\/#organization\",\"name\":\"Ovidiu Drago\u0219 Arge\u0219anu\",\"url\":\"https:\/\/www.ovidiudragosargesanu.ro\/en\/\",\"logo\":{\"@type\":\"ImageObject\",\"inLanguage\":\"en-US\",\"@id\":\"https:\/\/www.ovidiudragosargesanu.ro\/en\/#\/schema\/logo\/image\/\",\"url\":\"https:\/\/www.ovidiudragosargesanu.ro\/en\/wp-content\/uploads\/2018\/03\/dragos-logo-lotus-black-400.svg\",\"contentUrl\":\"https:\/\/www.ovidiudragosargesanu.ro\/en\/wp-content\/uploads\/2018\/03\/dragos-logo-lotus-black-400.svg\",\"width\":300,\"height\":150,\"caption\":\"Ovidiu Drago\u0219 Arge\u0219anu\"},\"image\":{\"@id\":\"https:\/\/www.ovidiudragosargesanu.ro\/en\/#\/schema\/logo\/image\/\"}},{\"@type\":\"Person\",\"@id\":\"https:\/\/www.ovidiudragosargesanu.ro\/en\/#\/schema\/person\/b08b1eb1449245ad6658409ec7bfe0c6\",\"name\":\"Mirela\",\"image\":{\"@type\":\"ImageObject\",\"inLanguage\":\"en-US\",\"@id\":\"https:\/\/www.ovidiudragosargesanu.ro\/en\/#\/schema\/person\/image\/\",\"url\":\"https:\/\/secure.gravatar.com\/avatar\/a38504bb2c6953abeeedcd053bc22e4812b10a0786596b27f1e1471c3518c3f9?s=96&d=mm&r=g\",\"contentUrl\":\"https:\/\/secure.gravatar.com\/avatar\/a38504bb2c6953abeeedcd053bc22e4812b10a0786596b27f1e1471c3518c3f9?s=96&d=mm&r=g\",\"caption\":\"Mirela\"},\"url\":\"https:\/\/www.ovidiudragosargesanu.ro\/en\/author\/mirela\/\"}]}<\/script>\n<!-- \/ Yoast SEO plugin. -->","yoast_head_json":{"title":"Jum\u0103tatea mea, femeia - edi\u021bia a 2-a - Ovidiu Drago\u0219 Arge\u0219anu","description":"Jum\u0103tatea mea, Femeia: O c\u0103l\u0103torie-lectur\u0103 captivant\u0103 \u00een universul complex al feminit\u0103\u021bii \u0219i fericirii. Descoper\u0103 universul complex al femin","robots":{"index":"noindex","follow":"follow","max-snippet":"max-snippet:-1","max-image-preview":"max-image-preview:large","max-video-preview":"max-video-preview:-1"},"og_locale":"en_US","og_type":"article","og_title":"Jum\u0103tatea mea, femeia - edi\u021bia a 2-a - Ovidiu Drago\u0219 Arge\u0219anu","og_description":"Jum\u0103tatea mea, Femeia: O c\u0103l\u0103torie-lectur\u0103 captivant\u0103 \u00een universul complex al feminit\u0103\u021bii \u0219i fericirii. Descoper\u0103 universul complex al femin","og_url":"https:\/\/www.ovidiudragosargesanu.ro\/en\/jumatatea-mea-femeia-editia-a-2-a\/","og_site_name":"Ovidiu Drago\u0219 Arge\u0219anu","article_published_time":"2022-04-07T07:30:11+00:00","article_modified_time":"2023-12-05T21:43:52+00:00","og_image":[{"width":1428,"height":1600,"url":"https:\/\/www.ovidiudragosargesanu.ro\/en\/wp-content\/uploads\/2022\/04\/jmf-ed2.webp","type":"image\/webp"}],"author":"Mirela","twitter_card":"summary_large_image","twitter_misc":{"Written by":"Mirela","Est. reading time":"2 minutes"},"schema":{"@context":"https:\/\/schema.org","@graph":[{"@type":"Article","@id":"https:\/\/www.ovidiudragosargesanu.ro\/en\/jumatatea-mea-femeia-editia-a-2-a\/#article","isPartOf":{"@id":"https:\/\/www.ovidiudragosargesanu.ro\/en\/jumatatea-mea-femeia-editia-a-2-a\/"},"author":{"name":"Mirela","@id":"https:\/\/www.ovidiudragosargesanu.ro\/en\/#\/schema\/person\/b08b1eb1449245ad6658409ec7bfe0c6"},"headline":"Jum\u0103tatea mea, femeia &#8211; edi\u021bia a 2-a","datePublished":"2022-04-07T07:30:11+00:00","dateModified":"2023-12-05T21:43:52+00:00","mainEntityOfPage":{"@id":"https:\/\/www.ovidiudragosargesanu.ro\/en\/jumatatea-mea-femeia-editia-a-2-a\/"},"wordCount":475,"publisher":{"@id":"https:\/\/www.ovidiudragosargesanu.ro\/en\/#organization"},"image":{"@id":"https:\/\/www.ovidiudragosargesanu.ro\/en\/jumatatea-mea-femeia-editia-a-2-a\/#primaryimage"},"thumbnailUrl":"https:\/\/www.ovidiudragosargesanu.ro\/en\/wp-content\/uploads\/2022\/04\/jmf-ed2.webp","articleSection":["C\u0103r\u021bi"],"inLanguage":"en-US"},{"@type":"WebPage","@id":"https:\/\/www.ovidiudragosargesanu.ro\/en\/jumatatea-mea-femeia-editia-a-2-a\/","url":"https:\/\/www.ovidiudragosargesanu.ro\/en\/jumatatea-mea-femeia-editia-a-2-a\/","name":"Jum\u0103tatea mea, femeia - edi\u021bia a 2-a - Ovidiu Drago\u0219 Arge\u0219anu","isPartOf":{"@id":"https:\/\/www.ovidiudragosargesanu.ro\/en\/#website"},"primaryImageOfPage":{"@id":"https:\/\/www.ovidiudragosargesanu.ro\/en\/jumatatea-mea-femeia-editia-a-2-a\/#primaryimage"},"image":{"@id":"https:\/\/www.ovidiudragosargesanu.ro\/en\/jumatatea-mea-femeia-editia-a-2-a\/#primaryimage"},"thumbnailUrl":"https:\/\/www.ovidiudragosargesanu.ro\/en\/wp-content\/uploads\/2022\/04\/jmf-ed2.webp","datePublished":"2022-04-07T07:30:11+00:00","dateModified":"2023-12-05T21:43:52+00:00","description":"Jum\u0103tatea mea, Femeia: O c\u0103l\u0103torie-lectur\u0103 captivant\u0103 \u00een universul complex al feminit\u0103\u021bii \u0219i fericirii. Descoper\u0103 universul complex al femin","breadcrumb":{"@id":"https:\/\/www.ovidiudragosargesanu.ro\/en\/jumatatea-mea-femeia-editia-a-2-a\/#breadcrumb"},"inLanguage":"en-US","potentialAction":[{"@type":"ReadAction","target":["https:\/\/www.ovidiudragosargesanu.ro\/en\/jumatatea-mea-femeia-editia-a-2-a\/"]}]},{"@type":"ImageObject","inLanguage":"en-US","@id":"https:\/\/www.ovidiudragosargesanu.ro\/en\/jumatatea-mea-femeia-editia-a-2-a\/#primaryimage","url":"https:\/\/www.ovidiudragosargesanu.ro\/en\/wp-content\/uploads\/2022\/04\/jmf-ed2.webp","contentUrl":"https:\/\/www.ovidiudragosargesanu.ro\/en\/wp-content\/uploads\/2022\/04\/jmf-ed2.webp","width":1428,"height":1600,"caption":"Jumatatea mea, femeia"},{"@type":"BreadcrumbList","@id":"https:\/\/www.ovidiudragosargesanu.ro\/en\/jumatatea-mea-femeia-editia-a-2-a\/#breadcrumb","itemListElement":[{"@type":"ListItem","position":1,"name":"Prima pagin\u0103","item":"https:\/\/www.ovidiudragosargesanu.ro\/en\/"},{"@type":"ListItem","position":2,"name":"Jum\u0103tatea mea, femeia &#8211; edi\u021bia a 2-a"}]},{"@type":"WebSite","@id":"https:\/\/www.ovidiudragosargesanu.ro\/en\/#website","url":"https:\/\/www.ovidiudragosargesanu.ro\/en\/","name":"Ovidiu Drago\u0219 Arge\u0219anu","description":"","publisher":{"@id":"https:\/\/www.ovidiudragosargesanu.ro\/en\/#organization"},"potentialAction":[{"@type":"SearchAction","target":{"@type":"EntryPoint","urlTemplate":"https:\/\/www.ovidiudragosargesanu.ro\/en\/?s={search_term_string}"},"query-input":{"@type":"PropertyValueSpecification","valueRequired":true,"valueName":"search_term_string"}}],"inLanguage":"en-US"},{"@type":"Organization","@id":"https:\/\/www.ovidiudragosargesanu.ro\/en\/#organization","name":"Ovidiu Drago\u0219 Arge\u0219anu","url":"https:\/\/www.ovidiudragosargesanu.ro\/en\/","logo":{"@type":"ImageObject","inLanguage":"en-US","@id":"https:\/\/www.ovidiudragosargesanu.ro\/en\/#\/schema\/logo\/image\/","url":"https:\/\/www.ovidiudragosargesanu.ro\/en\/wp-content\/uploads\/2018\/03\/dragos-logo-lotus-black-400.svg","contentUrl":"https:\/\/www.ovidiudragosargesanu.ro\/en\/wp-content\/uploads\/2018\/03\/dragos-logo-lotus-black-400.svg","width":300,"height":150,"caption":"Ovidiu Drago\u0219 Arge\u0219anu"},"image":{"@id":"https:\/\/www.ovidiudragosargesanu.ro\/en\/#\/schema\/logo\/image\/"}},{"@type":"Person","@id":"https:\/\/www.ovidiudragosargesanu.ro\/en\/#\/schema\/person\/b08b1eb1449245ad6658409ec7bfe0c6","name":"Mirela","image":{"@type":"ImageObject","inLanguage":"en-US","@id":"https:\/\/www.ovidiudragosargesanu.ro\/en\/#\/schema\/person\/image\/","url":"https:\/\/secure.gravatar.com\/avatar\/a38504bb2c6953abeeedcd053bc22e4812b10a0786596b27f1e1471c3518c3f9?s=96&d=mm&r=g","contentUrl":"https:\/\/secure.gravatar.com\/avatar\/a38504bb2c6953abeeedcd053bc22e4812b10a0786596b27f1e1471c3518c3f9?s=96&d=mm&r=g","caption":"Mirela"},"url":"https:\/\/www.ovidiudragosargesanu.ro\/en\/author\/mirela\/"}]}},"_links":{"self":[{"href":"https:\/\/www.ovidiudragosargesanu.ro\/en\/wp-json\/wp\/v2\/posts\/3691","targetHints":{"allow":["GET"]}}],"collection":[{"href":"https:\/\/www.ovidiudragosargesanu.ro\/en\/wp-json\/wp\/v2\/posts"}],"about":[{"href":"https:\/\/www.ovidiudragosargesanu.ro\/en\/wp-json\/wp\/v2\/types\/post"}],"author":[{"embeddable":true,"href":"https:\/\/www.ovidiudragosargesanu.ro\/en\/wp-json\/wp\/v2\/users\/6"}],"replies":[{"embeddable":true,"href":"https:\/\/www.ovidiudragosargesanu.ro\/en\/wp-json\/wp\/v2\/comments?post=3691"}],"version-history":[{"count":7,"href":"https:\/\/www.ovidiudragosargesanu.ro\/en\/wp-json\/wp\/v2\/posts\/3691\/revisions"}],"predecessor-version":[{"id":4148,"href":"https:\/\/www.ovidiudragosargesanu.ro\/en\/wp-json\/wp\/v2\/posts\/3691\/revisions\/4148"}],"wp:featuredmedia":[{"embeddable":true,"href":"https:\/\/www.ovidiudragosargesanu.ro\/en\/wp-json\/wp\/v2\/media\/3694"}],"wp:attachment":[{"href":"https:\/\/www.ovidiudragosargesanu.ro\/en\/wp-json\/wp\/v2\/media?parent=3691"}],"wp:term":[{"taxonomy":"category","embeddable":true,"href":"https:\/\/www.ovidiudragosargesanu.ro\/en\/wp-json\/wp\/v2\/categories?post=3691"},{"taxonomy":"post_tag","embeddable":true,"href":"https:\/\/www.ovidiudragosargesanu.ro\/en\/wp-json\/wp\/v2\/tags?post=3691"}],"curies":[{"name":"wp","href":"https:\/\/api.w.org\/{rel}","templated":true}]}}